{"id":1070,"date":"2023-01-05T11:12:46","date_gmt":"2023-01-05T10:12:46","guid":{"rendered":"https:\/\/cocat-experiencies.c.wetopi.com\/sesiones-informativas-2023\/"},"modified":"2023-01-05T11:12:46","modified_gmt":"2023-01-05T10:12:46","slug":"sesiones-informativas-2023","status":"publish","type":"post","link":"https:\/\/experiencies.cocat.org\/es\/sesiones-informativas-2023\/","title":{"rendered":"Sesiones informativas 2023"},"content":{"rendered":"<p>\u00bfYa est\u00e1s pensando qu\u00e9 hacer este verano 2023? \u00bfQuieres hacer un proyecto de voluntariado internacional y no sabes muy bien d\u00f3nde, cu\u00e1ndo y c\u00f3mo hacerlo?<\/p>\n<p>Ven a nuestras charlas informativas, con\u00f3cenos y resuelve todas tus dudas.<\/p>\n<p>&nbsp;<\/p>\n<div class=\"gca-column one-third first\"><strong>\u00bfCU\u00c1NDO?<\/strong><\/p>\n<p><del>18 de enero<\/del><\/p>\n<p><del>8 de febrero<\/del><\/p>\n<p><del>16 de febrero<\/del><\/p>\n<p>21 de febrero<\/p>\n<p>9 marzo<\/p><\/div>\n<div class=\"gca-column one-third\"><strong>\u00bfD\u00d3NDE?<\/strong><\/p>\n<p><del>C\/Cal\u00e0bria, 147<\/del><\/p>\n<p><del>Formato virtual<\/del><\/p>\n<p><del>PiJ Les Corts<\/del><\/p>\n<p>Formato virtual<\/p>\n<p>Formato virtual<\/p><\/div>\n<div class=\"gca-column one-third\"><strong>\u00bfA QU\u00c9 HORA?<\/strong><\/p>\n<p><del>De 17.30 a 18.30h (anulada)<\/del><\/p>\n<p><del>De 17.30 a 18.30h<\/del><\/p>\n<p><del>De 13 a 14.30h<\/del><\/p>\n<p>De 17.30 a 18.30h<\/p>\n<p>De 17.30 a 18.30 h<\/div>\n<p>&nbsp;<\/p>\n<p>Si quieres participar en una sesi\u00f3n informativa, <a href=\"https:\/\/docs.google.com\/forms\/d\/e\/1FAIpQLScrYVhekvstYoVvDo2TSLBJRsEZjQkN3jTSEvzCiYArXf1-5w\/viewform?usp=sf_link\">rellena este formulario<\/a>.<\/p>\n<p>Como todas las sesiones informativas van a ser online, queremos recordar que, si quer\u00e9is, pod\u00e9is visitarnos en nuestra oficina dentro de nuestro horario de atenci\u00f3n al p\u00fablico.<\/p>\n<p>Para iros preparando para las charlas, aqu\u00ed compartimos informaci\u00f3n que esperamos que os ayude a resolver dudas.<\/p>\n<p>&nbsp;<\/p>\n<p><span style=\"text-decoration: underline;color: #1d8ccc\"><strong>PUBLICACI\u00d3N PROYECTOS E INSCRIPCIONES<\/strong><\/span><\/p>\n<p>La mayor\u00eda de programas de los campos de trabajo de corta duraci\u00f3n de verano se publicar\u00e1n el 13 de marzo al <a href=\"https:\/\/www.cocat.org\/cerca-i-inscripcio-a-camps-de-treball-internacionals\/?lang=es\">buscador de proyectos<\/a>. La oferta puede ampliarse a lo largo de todo el verano.<\/p>\n<p>Antes de marzo solo aceptaremos inscripciones a proyectos permanentes, de invierno, de primavera y de proyectos en Canad\u00e1 o pa\u00edses del sur global, que requieran m\u00e1s margen de tiempo por los tr\u00e1mites de visado.<\/p>\n<p>Si te interesa un de estos proyectos, contacta con nosotros a <a href=\"mailto:outgoing@cocat.org\">outgoing@cocat.org<\/a> y te explicaremos c\u00f3mo inscribirte.<\/p>\n<p>&nbsp;<\/p>\n<p>&nbsp;<\/p>\n<p><span style=\"text-decoration: underline;color: #1d8ccc\"><strong>PROYECTOS ESPECIALES*<\/strong><\/span><\/p>\n<p><span style=\"color: #7fbd41\"><em>FAMILY CAMPS<\/em><\/span><\/p>\n<p>Ten\u00e9is ganas de vivir una experiencia en familia? Los\/las peque\u00f1itos\/as de casa todav\u00eda son demasiado peque\u00f1os\/as para ir a un TEEN camp?<\/p>\n<p>No os preocup\u00e9is, sea cual sea vuestro caso, os ofrecemos la oportunidad de participar todos juntos en un FAMILY CAMP y compartir la experiencia con otras familias.<\/p>\n<p>Si est\u00e1is interesados en estos proyectos, m\u00e1s all\u00e1 de la oferta que trobbeu al buscador de proyectos os podremos asesorar para encontrar otros proyectos que puedan adaptarse tambi\u00e9n.<\/p>\n<p>&nbsp;<\/p>\n<p><span style=\"color: #7fbd41\"><em>GROUP CAMPS<\/em><\/span><\/p>\n<p>Algunos partners\u00a0 (Alemania, Armenia, Francia, Estonia, Islandia, Italia, Rusia y tambi\u00e9n, por mayores de 20 a\u00f1os en India, Indonesia, Nepal, Tailandia, Taiw\u00e1n y Vietnam), ofrecen la posibilidad de organizar campos por grupos cerrados, as\u00ed que: caus, esplais, grupos de amigos que os lo est\u00e1is pensando, contactad lo antes posible con nosotros a <a href=\"mailto:outgoing@cocat.org\">outgoing@cocat.org<\/a> y os daremos m\u00e1s detalles de las posibilidades que hay.<\/p>\n<p><em>*Solo podremos atender a consultas y gestionar tr\u00e1mites organizativos\u00a0 por este tipo de proyectos antes de marzo.<\/em><\/p>\n<p>&nbsp;<\/p>\n<p><span style=\"text-decoration: underline;color: #1d8ccc\"><strong>CONTACTA CON NOSOTRAS<\/strong><\/span><\/p>\n<p><em>Si sigues con dudas, puedes <a href=\"https:\/\/www.cocat.org\/contacte\/\">contactar con nosotras<\/a>.<\/em><\/p>\n<p>Adem\u00e0s tambi\u00e9n puedes consultar la secci\u00f3n de <a href=\"https:\/\/www.cocat.org\/proces-dinscripcio\/\">FAQs\/preguntas frecuentes<\/a>.<\/p>\n<p>&nbsp;<\/p>\n<p>*S\u00edguenos en<a href=\"https:\/\/www.facebook.com\/cocatcatalunya\/?ref=br_rs\"> Facebook<\/a>, <a href=\"https:\/\/twitter.com\/cocat_cat\">Twitter<\/a>, <a href=\"https:\/\/www.tiktok.com\/@cocat_catalunya\">TikTok<\/a>, <a href=\"https:\/\/www.youtube.com\/channel\/UC-7cFRRX5_D9pvJZsV86UaA\">YouTube<\/a> e <a href=\"https:\/\/www.instagram.com\/cocat_catalunya\/\">Instagram<\/a> para estar al d\u00eda de las novedades.<\/p>\n","protected":false},"excerpt":{"rendered":"<p>\u00bfYa est\u00e1s pensando qu\u00e9 hacer este verano 2023? \u00bfQuieres hacer un proyecto de voluntariado internacional y no sabes muy bien d\u00f3nde, cu\u00e1ndo y c\u00f3mo hacerlo? Ven a nuestras charlas informativas, con\u00f3cenos y resuelve todas tus dudas. &nbsp; &nbsp; Si quieres participar en una sesi\u00f3n informativa, rellena este formulario. Como todas las sesiones informativas van a [&hellip;]<\/p>\n","protected":false},"author":1,"featured_media":1071,"comment_status":"open","ping_status":"open","sticky":false,"template":"","format":"standard","meta":{"footnotes":""},"categories":[217,218,219],"tags":[],"class_list":["post-1070","post","type-post","status-publish","format-standard","has-post-thumbnail","hentry","category-campos-voluntarios","category-cocat-es","category-larga-duracion"],"_links":{"self":[{"href":"https:\/\/experiencies.cocat.org\/es\/wp-json\/wp\/v2\/posts\/1070","targetHints":{"allow":["GET"]}}],"collection":[{"href":"https:\/\/experiencies.cocat.org\/es\/wp-json\/wp\/v2\/posts"}],"about":[{"href":"https:\/\/experiencies.cocat.org\/es\/wp-json\/wp\/v2\/types\/post"}],"author":[{"embeddable":true,"href":"https:\/\/experiencies.cocat.org\/es\/wp-json\/wp\/v2\/users\/1"}],"replies":[{"embeddable":true,"href":"https:\/\/experiencies.cocat.org\/es\/wp-json\/wp\/v2\/comments?post=1070"}],"version-history":[{"count":0,"href":"https:\/\/experiencies.cocat.org\/es\/wp-json\/wp\/v2\/posts\/1070\/revisions"}],"wp:featuredmedia":[{"embeddable":true,"href":"https:\/\/experiencies.cocat.org\/es\/wp-json\/wp\/v2\/media\/1071"}],"wp:attachment":[{"href":"https:\/\/experiencies.cocat.org\/es\/wp-json\/wp\/v2\/media?parent=1070"}],"wp:term":[{"taxonomy":"category","embeddable":true,"href":"https:\/\/experiencies.cocat.org\/es\/wp-json\/wp\/v2\/categories?post=1070"},{"taxonomy":"post_tag","embeddable":true,"href":"https:\/\/experiencies.cocat.org\/es\/wp-json\/wp\/v2\/tags?post=1070"}],"curies":[{"name":"wp","href":"https:\/\/api.w.org\/{rel}","templated":true}]}}