{"id":1112,"date":"2022-06-20T08:44:03","date_gmt":"2022-06-20T06:44:03","guid":{"rendered":"https:\/\/cocat-experiencies.c.wetopi.com\/dia-mundial-de-las-personas-refugiadas\/"},"modified":"2022-06-20T08:44:03","modified_gmt":"2022-06-20T06:44:03","slug":"dia-mundial-de-las-personas-refugiadas","status":"publish","type":"post","link":"https:\/\/experiencies.cocat.org\/es\/dia-mundial-de-las-personas-refugiadas\/","title":{"rendered":"D\u00eda mundial de las personas refugiadas"},"content":{"rendered":"<p>Este es un espacio de informaci\u00f3n, aprovechando que se el d\u00eda mundial de las personas refugiadas, de cara a las posibles ayudas para colaborar directamente con los refugiados.<\/p>\n<p>Si quieres aportar tu granito de arena pero no sabes c\u00f3mo, aqu\u00ed te dejamos algunos enlaces que te pueden ser \u00fatiles:<\/p>\n<p><a href=\"https:\/\/www.ccar.cat\/programa-activitats-entorn-el-dia-mundial-de-les-persones-refugiades\/\">CCAR<\/a> &#8211;&gt; Programa de actividades entorno al d\u00eda mundial de las personas refugiadas. Varios d\u00edas y lugares donde se organizan acontecimientos.<\/p>\n<p><a href=\"https:\/\/www.ciutatrefugi.barcelona\/ca\/dia-mundial\">Ayuntamiento de Barcelona<\/a> &#8211;&gt; Reflexi\u00f3n anual sobre la situaci\u00f3n en nuestra ciudad, con un abanico de actividades y actos sociales desde casa debido a la pandemia. Tienen tambi\u00e9n un <a href=\"https:\/\/www.youtube.com\/watch?v=zG1AkQIOWPQ\">directo<\/a> programado y un par de videos en la misma web.<\/p>\n<p><a href=\"https:\/\/www.acnur.org\/dia-mundial-del-refugiado.html\">ACNUR<\/a> &#8211;&gt; Calendario de actividades para diferentes pa\u00edses latinoamericanos, con breves explicaciones de porque es importante este d\u00eda, en que consiste, etc.<\/p>\n<p><a href=\"https:\/\/www.hacesfalta.org\/noticias\/detalle\/eventos-a-los-que-asistir-por-el-dia-mundial-de-los-refugiados-2022\/19099?utm_source=Post19099&amp;utm_medium=mailing&amp;utm_campaign=BoletinHF\">HacesFalta.org<\/a> &#8211;&gt; Agenda con actividades presenciales variadas entorno en el d\u00eda mundial de las personas refugiadas en toda Espa\u00f1a.<\/p>\n","protected":false},"excerpt":{"rendered":"<p>Este es un espacio de informaci\u00f3n, aprovechando que se el d\u00eda mundial de las personas refugiadas, de cara a las posibles ayudas para colaborar directamente con los refugiados. Si quieres aportar tu granito de arena pero no sabes c\u00f3mo, aqu\u00ed te dejamos algunos enlaces que te pueden ser \u00fatiles: CCAR &#8211;&gt; Programa de actividades entorno [&hellip;]<\/p>\n","protected":false},"author":1,"featured_media":1113,"comment_status":"open","ping_status":"open","sticky":false,"template":"","format":"standard","meta":{"footnotes":""},"categories":[218],"tags":[],"class_list":["post-1112","post","type-post","status-publish","format-standard","has-post-thumbnail","hentry","category-cocat-es"],"_links":{"self":[{"href":"https:\/\/experiencies.cocat.org\/es\/wp-json\/wp\/v2\/posts\/1112","targetHints":{"allow":["GET"]}}],"collection":[{"href":"https:\/\/experiencies.cocat.org\/es\/wp-json\/wp\/v2\/posts"}],"about":[{"href":"https:\/\/experiencies.cocat.org\/es\/wp-json\/wp\/v2\/types\/post"}],"author":[{"embeddable":true,"href":"https:\/\/experiencies.cocat.org\/es\/wp-json\/wp\/v2\/users\/1"}],"replies":[{"embeddable":true,"href":"https:\/\/experiencies.cocat.org\/es\/wp-json\/wp\/v2\/comments?post=1112"}],"version-history":[{"count":0,"href":"https:\/\/experiencies.cocat.org\/es\/wp-json\/wp\/v2\/posts\/1112\/revisions"}],"wp:featuredmedia":[{"embeddable":true,"href":"https:\/\/experiencies.cocat.org\/es\/wp-json\/wp\/v2\/media\/1113"}],"wp:attachment":[{"href":"https:\/\/experiencies.cocat.org\/es\/wp-json\/wp\/v2\/media?parent=1112"}],"wp:term":[{"taxonomy":"category","embeddable":true,"href":"https:\/\/experiencies.cocat.org\/es\/wp-json\/wp\/v2\/categories?post=1112"},{"taxonomy":"post_tag","embeddable":true,"href":"https:\/\/experiencies.cocat.org\/es\/wp-json\/wp\/v2\/tags?post=1112"}],"curies":[{"name":"wp","href":"https:\/\/api.w.org\/{rel}","templated":true}]}}