{"id":1169,"date":"2022-01-28T13:56:32","date_gmt":"2022-01-28T12:56:32","guid":{"rendered":"https:\/\/cocat-experiencies.c.wetopi.com\/charlas-informativas-2022\/"},"modified":"2022-01-28T13:56:32","modified_gmt":"2022-01-28T12:56:32","slug":"charlas-informativas-2022","status":"publish","type":"post","link":"https:\/\/experiencies.cocat.org\/es\/charlas-informativas-2022\/","title":{"rendered":"CHARLAS INFORMATIVAS 2022"},"content":{"rendered":"<p>Para todos aquellos que se est\u00e9n planteando realizar un campo de trabajo en el extranjero o cualquier tipo de proyecto, tenemos muy buenas noticias: las charlas informativas de este a\u00f1o est\u00e1n a punto de empezar.<\/p>\n<p>Tenemos programadas tres charlas:<\/p>\n<ul>\n<li>La primera se realiz\u00f3 el lunes 14 de febrero, a las 17:00h. Puedes mirar la charla completa en nuestro <a href=\"https:\/\/www.instagram.com\/cocat_catalunya\/\">Instagram<\/a> o <a href=\"https:\/\/www.instagram.com\/p\/CaASH24IDSX\/\">clicando aqu\u00ed<\/a>.<\/li>\n<li>La segunda tendr\u00e1 lugar el jueves 3 de marzo, tambi\u00e9n a las 17:00 h. Si quieres asistir a la charla de forma presencial inscr\u00edbete rellenando <a href=\"https:\/\/docs.google.com\/forms\/d\/1n6yXp4GOdaH6nHnY7LpRAa_TE2BpiZW7KMmPZKOQ_dA\/edit\">este formulario<\/a>. En caso de que quieras seguir la charla en directo de forma virtual, puedes entrar en nuestro canal de <a href=\"https:\/\/www.youtube.com\/channel\/UC-7cFRRX5_D9pvJZsV86UaA\">YouTube<\/a> o <a href=\"https:\/\/www.youtube.com\/watch?v=PiBsEVM-8m0\">clicando aqu\u00ed<\/a>.<\/li>\n<li>La tercera y \u00faltima se realizar\u00e1 el lunes 14 de marzo, esta vez a las 17:30 h. Para mas info puedes contactar a: ojovecalabria@gencat.cat<\/li>\n<\/ul>\n<p style=\"text-align: center\" align=\"center\">___________________________________<\/p>\n<p style=\"text-align: center\" align=\"center\"><strong>S\u00cdGENOS EN LAS REDES PARA ESTAR ACTUALIZADO\/DA:<\/strong><\/p>\n<p style=\"text-align: center\" align=\"center\"><a href=\"http:\/\/www.instagram.com\/cocat_catalunya\">www.instagram.com\/cocat_catalunya<\/a><\/p>\n<p style=\"text-align: center\" align=\"center\"><a href=\"http:\/\/www.facebook.com\/cocatcatalunya\/\">www.facebook.com\/cocatcatalunya\/<\/a><\/p>\n<p style=\"text-align: center\" align=\"center\"><a href=\"http:\/\/www.twitter.com\/cocat_cat\">www.twitter.com\/cocat_cat\u00a0<\/a><\/p>\n","protected":false},"excerpt":{"rendered":"<p>Para todos aquellos que se est\u00e9n planteando realizar un campo de trabajo en el extranjero o cualquier tipo de proyecto, tenemos muy buenas noticias: las charlas informativas de este a\u00f1o est\u00e1n a punto de empezar. Tenemos programadas tres charlas: La primera se realiz\u00f3 el lunes 14 de febrero, a las 17:00h. Puedes mirar la charla [&hellip;]<\/p>\n","protected":false},"author":1,"featured_media":1170,"comment_status":"open","ping_status":"open","sticky":false,"template":"","format":"standard","meta":{"footnotes":""},"categories":[217,218,1,219,222],"tags":[],"class_list":["post-1169","post","type-post","status-publish","format-standard","has-post-thumbnail","hentry","category-campos-voluntarios","category-cocat-es","category-diversitat-es","category-larga-duracion","category-redes-es"],"_links":{"self":[{"href":"https:\/\/experiencies.cocat.org\/es\/wp-json\/wp\/v2\/posts\/1169","targetHints":{"allow":["GET"]}}],"collection":[{"href":"https:\/\/experiencies.cocat.org\/es\/wp-json\/wp\/v2\/posts"}],"about":[{"href":"https:\/\/experiencies.cocat.org\/es\/wp-json\/wp\/v2\/types\/post"}],"author":[{"embeddable":true,"href":"https:\/\/experiencies.cocat.org\/es\/wp-json\/wp\/v2\/users\/1"}],"replies":[{"embeddable":true,"href":"https:\/\/experiencies.cocat.org\/es\/wp-json\/wp\/v2\/comments?post=1169"}],"version-history":[{"count":0,"href":"https:\/\/experiencies.cocat.org\/es\/wp-json\/wp\/v2\/posts\/1169\/revisions"}],"wp:featuredmedia":[{"embeddable":true,"href":"https:\/\/experiencies.cocat.org\/es\/wp-json\/wp\/v2\/media\/1170"}],"wp:attachment":[{"href":"https:\/\/experiencies.cocat.org\/es\/wp-json\/wp\/v2\/media?parent=1169"}],"wp:term":[{"taxonomy":"category","embeddable":true,"href":"https:\/\/experiencies.cocat.org\/es\/wp-json\/wp\/v2\/categories?post=1169"},{"taxonomy":"post_tag","embeddable":true,"href":"https:\/\/experiencies.cocat.org\/es\/wp-json\/wp\/v2\/tags?post=1169"}],"curies":[{"name":"wp","href":"https:\/\/api.w.org\/{rel}","templated":true}]}}