{"id":1216,"date":"2020-04-02T09:55:31","date_gmt":"2020-04-02T07:55:31","guid":{"rendered":"https:\/\/cocat-experiencies.c.wetopi.com\/covid-19-y-plan-de-actuacion-de-cocat\/"},"modified":"2020-04-02T09:55:31","modified_gmt":"2020-04-02T07:55:31","slug":"covid-19-y-plan-de-actuacion-de-cocat","status":"publish","type":"post","link":"https:\/\/experiencies.cocat.org\/es\/covid-19-y-plan-de-actuacion-de-cocat\/","title":{"rendered":"Covid-19 y plan de actuaci\u00f3n de COCAT"},"content":{"rendered":"<p id=\"tw-target-text\" class=\"tw-data-text tw-text-large tw-ta\" dir=\"ltr\" data-placeholder=\"Traducci\u00f3n\"><span lang=\"es\">Estos \u00faltimos meses el virus Covid-19 (Coronavirus) se ha arraigado fuerte en nuestro pa\u00eds, desde COCAT queremos<strong> poner en conocimiento a todos l@s participantes de nuestros proyectos, el protocolo de actuaci\u00f3n que estamos trabajando desde COCAT<\/strong>. <\/span><\/p>\n<p class=\"tw-data-text tw-text-large tw-ta\" dir=\"ltr\" data-placeholder=\"Traducci\u00f3n\"><span lang=\"es\">Estas medidas de actuaci\u00f3n se seguir\u00e1n tomando hasta que desde canales oficiales del Govern de la Generalitat de Catalunya se comunique el levantamiento del confinamiento y\/o restricciones. De todas formas entendemos que, aunque la situaci\u00f3n haya mejorado respecto al verano de 2020, las restricciones de movimiento seguir\u00e1n presentes y, por tanto, se debe poder evaluar la evoluci\u00f3n de la situaci\u00f3n en los pr\u00f3ximos meses para poder entender qu\u00e9 medidas tendremos que tomar durante el 2021.<\/span><\/p>\n<p>En este <a href=\"http:\/\/www.alliance-network.eu\/covid-19-and-ivs-season\/2020\/6721\/\">enlace<\/a> pod\u00e9is encontrar algunos recursos de la red internacional <a href=\"http:\/\/www.alliance-network.eu\/\">Alliance of Voluntary Service Organisations<\/a> de la cual COCAT \u00e9s miembro.<\/p>\n<p>Por ahora, tanto <strong>los proyectos en Catalunya como los extranjeros que tengan previsto tomar parte en verano siguen adelante<\/strong>, siguiendo el acuerdo internacional de todas las entidades miembro de las redes de las que COCAT es miembro <a href=\"http:\/\/www.alliance-network.eu\/\">Alliance of European Voluntary Service Organisations<\/a> y <a href=\"https:\/\/ccivs.org\/\">CCIVS<\/a>, por tanto, el proceso de inscripci\u00f3n permanecer\u00e1 activo y abierto para aquellos proyectos que tengan lugar a partir, de enero. Si la situaci\u00f3n variara mucho de la de hoy\u00a0 y fuera a peor, se tomar\u00edan las medidas adecuadas y se informar\u00eda a trav\u00e9s de un comunicado tanto en la web de COCAT como las redes sociales as\u00ed como de otras posibles canales de nuestra entidad.<\/p>\n<p>&nbsp;<\/p>\n<p id=\"tw-target-text\" class=\"tw-data-text tw-text-large tw-ta\" dir=\"ltr\" data-placeholder=\"Traducci\u00f3n\"><span lang=\"es\">Queremos remarcar que desde COCAT pretendemos poder garantizar la participaci\u00f3n en un proyecto internacional con todas las garant\u00edas posibles y por otro lado evitar situaciones (que, aunque hoy en d\u00eda son imprevisibles) que nos puedan llevar a la cancelaci\u00f3n de un proyecto para el fin de que los interesados \u200b\u200bpuedan tener la oportunidad de participar en todo el mundo y en Catalunya. <\/span><\/p>\n<p class=\"tw-data-text tw-text-large tw-ta\" dir=\"ltr\" data-placeholder=\"Traducci\u00f3n\"><span lang=\"es\">Desde COCAT iremos informando de los posibles cambios de protocolos que se puedan ir generando, siempre siguiendo las pautas de la Generalitat de Catalunya, a\u00fan as\u00ed, <strong>invitamos a l@s interesad@s a mantenerse informados de los cambios y novedades<\/strong>.<\/span><\/p>\n<div class=\"jhH5U\">\n<div id=\"tw-ob\" class=\"tw-src-ltr\">\n<div class=\"oSioSc\">\n<div id=\"tw-target\">\n<div id=\"kAz1tf\" class=\"g9WsWb\">\n<div id=\"tw-target-text-container\" class=\"tw-ta-container hide-focus-ring tw-nfl\">\n<p id=\"tw-target-text\" class=\"tw-data-text tw-text-large tw-ta\" dir=\"ltr\" data-placeholder=\"Traducci\u00f3n\"><span lang=\"es\">Desde nuestra entidad queremos pedir a las personas interesadas en participar de un proyecto este a\u00f1o, que se aseguren de conocer que el viaje al pa\u00eds de destino es compatible con la situaci\u00f3n actual y seg\u00fan las recomendaciones de las autoridades correspondientes y del Departamento de Salud de la Generalitat de Catalunya. <\/span><\/p>\n<p class=\"tw-data-text tw-text-large tw-ta\" dir=\"ltr\" data-placeholder=\"Traducci\u00f3n\"><span lang=\"es\">A continuaci\u00f3n se puede encontrar algunos enlaces de informaci\u00f3n de inter\u00e9s de la Generalitat de Catalunya, <\/span>el <a href=\"https:\/\/web.gencat.cat\/ca\/actualitat\/detall\/Protocol-dactuacio-a-Catalunya-davant-el-nou-coronavirus\">Protocol d\u2019actuaci\u00f3 a Catalunya davant el Coronavirus <\/a>\u00a0y tambi\u00e9n pod\u00e9is consultar informaci\u00f3n general del virus en este <a href=\"http:\/\/canalsalut.gencat.cat\/ca\/salut-a-z\/c\/coronavirus-2019-ncov\/\">enlace<\/a>.<\/p>\n<\/div>\n<\/div>\n<\/div>\n<\/div>\n<\/div>\n<\/div>\n<p>&nbsp;<\/p>\n<p id=\"tw-target-text\" class=\"tw-data-text tw-text-large tw-ta\" dir=\"ltr\" data-placeholder=\"Traducci\u00f3n\"><span lang=\"es\">Asimismo, <strong>se recomienda firmemente que cuando se reserven los billetes en el pa\u00eds de destino (una vez se confirme la plaza en el proyecto) se haga con un seguro de cancelaci\u00f3n<\/strong> y que en todo caso se espere al m\u00e1ximo posible para hacer las compras para poder evitar cancelaciones de viajes. <\/span><\/p>\n<p class=\"tw-data-text tw-text-large tw-ta\" dir=\"ltr\" data-placeholder=\"Traducci\u00f3n\"><span lang=\"es\">Entendemos que la situaci\u00f3n ir\u00e1 variando y con ella los protocolos tambi\u00e9n, por lo tanto, consideramos que, para aquellas personas que hoy por hoy est\u00e1n seguras de querer participar en un proyecto asuman el riesgo de que el proyectos puedan ser cancelados, los aeropuertos cerrados o se haga una llamada al confinamiento (en ambos casos se propondr\u00eda guardar la cuota para el a\u00f1o que viene o bien se devolver\u00eda) o bien que l@s participantes sean puestos en cuarentena en alg\u00fan caso espec\u00edfico. <\/span><\/p>\n<p class=\"tw-data-text tw-text-large tw-ta\" dir=\"ltr\" data-placeholder=\"Traducci\u00f3n\"><span lang=\"es\">Comprendiendo que la situaci\u00f3n var\u00eda cada d\u00eda, <strong>queremos hacer un llamamiento al sentido com\u00fan<\/strong> y queremos dejar patente que <strong>COCAT dar\u00e1 todo el apoyo que sea posible para poder aclarar dudas o en caso de ser necesario hacer cambios de proyectos o retorno de cuotas siempre que la situaci\u00f3n con el virus as\u00ed lo requiera.<\/strong> Si los proyectos y \/ o participaciones se cancelan por razones de fuerza mayor se podr\u00e1 guardar la cuota para el a\u00f1o que viene o bien se har\u00e1 el retorno, si no hay ninguna contra-indicaci\u00f3n para la participaci\u00f3n en el proyecto, es decir, si se genera una cancelaci\u00f3n por parte de la persona participante, aplicar\u00e1 los criterios de las <a href=\"https:\/\/www.cocat.org\/condicions-participacio-camps-treball-internacionals\/?lang=es\">condiciones de participaci\u00f3n<\/a> de COCAT habituales.<\/span><\/p>\n<p>&nbsp;<\/p>\n<p id=\"tw-target-text\" class=\"tw-data-text tw-text-large tw-ta\" dir=\"ltr\" data-placeholder=\"Traducci\u00f3n\"><span lang=\"es\">Pedimos que <strong>en caso de sufrir alguno de los s\u00edntomas del virus antes de irse o durante el proyecto se informe a COCAT<\/strong> (o a la entidad de acogida en su defecto) y a las autoridades competentes para que se pueda tomar las medidas correspondientes y seguir los protocolos establecidos. <\/span><\/p>\n<p class=\"tw-data-text tw-text-large tw-ta\" dir=\"ltr\" data-placeholder=\"Traducci\u00f3n\"><span lang=\"es\">Para cualquier duda pueden dirigirse al correo cocat@cocat.org y resolveremos las dudas.<\/span><\/p>\n<p>&nbsp;<\/p>\n<p>&nbsp;<\/p>\n<p>&nbsp;<\/p>\n<p>Equipo de COCAT<\/p>\n","protected":false},"excerpt":{"rendered":"<p>Estos \u00faltimos meses el virus Covid-19 (Coronavirus) se ha arraigado fuerte en nuestro pa\u00eds, desde COCAT queremos poner en conocimiento a todos l@s participantes de nuestros proyectos, el protocolo de actuaci\u00f3n que estamos trabajando desde COCAT. Estas medidas de actuaci\u00f3n se seguir\u00e1n tomando hasta que desde canales oficiales del Govern de la Generalitat de Catalunya [&hellip;]<\/p>\n","protected":false},"author":1,"featured_media":1217,"comment_status":"open","ping_status":"open","sticky":false,"template":"","format":"standard","meta":{"footnotes":""},"categories":[217,218,221,222],"tags":[],"class_list":["post-1216","post","type-post","status-publish","format-standard","has-post-thumbnail","hentry","category-campos-voluntarios","category-cocat-es","category-red-catalana","category-redes-es"],"_links":{"self":[{"href":"https:\/\/experiencies.cocat.org\/es\/wp-json\/wp\/v2\/posts\/1216","targetHints":{"allow":["GET"]}}],"collection":[{"href":"https:\/\/experiencies.cocat.org\/es\/wp-json\/wp\/v2\/posts"}],"about":[{"href":"https:\/\/experiencies.cocat.org\/es\/wp-json\/wp\/v2\/types\/post"}],"author":[{"embeddable":true,"href":"https:\/\/experiencies.cocat.org\/es\/wp-json\/wp\/v2\/users\/1"}],"replies":[{"embeddable":true,"href":"https:\/\/experiencies.cocat.org\/es\/wp-json\/wp\/v2\/comments?post=1216"}],"version-history":[{"count":0,"href":"https:\/\/experiencies.cocat.org\/es\/wp-json\/wp\/v2\/posts\/1216\/revisions"}],"wp:featuredmedia":[{"embeddable":true,"href":"https:\/\/experiencies.cocat.org\/es\/wp-json\/wp\/v2\/media\/1217"}],"wp:attachment":[{"href":"https:\/\/experiencies.cocat.org\/es\/wp-json\/wp\/v2\/media?parent=1216"}],"wp:term":[{"taxonomy":"category","embeddable":true,"href":"https:\/\/experiencies.cocat.org\/es\/wp-json\/wp\/v2\/categories?post=1216"},{"taxonomy":"post_tag","embeddable":true,"href":"https:\/\/experiencies.cocat.org\/es\/wp-json\/wp\/v2\/tags?post=1216"}],"curies":[{"name":"wp","href":"https:\/\/api.w.org\/{rel}","templated":true}]}}