{"id":1234,"date":"2024-04-11T02:23:41","date_gmt":"2024-04-11T00:23:41","guid":{"rendered":"https:\/\/cocat-experiencies.c.wetopi.com\/campos-de-trabajo-internacionales-en-cataluna\/"},"modified":"2024-04-11T02:23:41","modified_gmt":"2024-04-11T00:23:41","slug":"campos-de-trabajo-internacionales-en-cataluna","status":"publish","type":"post","link":"https:\/\/experiencies.cocat.org\/es\/campos-de-trabajo-internacionales-en-cataluna\/","title":{"rendered":"CAMPOS DE TRABAJO INTERNACIONALES EN CATALU\u00d1A"},"content":{"rendered":"<p><span style=\"font-weight: 400\">\u00bfTienes ganas de formar parte de un proyecto de voluntariado en el que podr\u00e1s interactuar con personas de todo el mundo y conocer nuevas culturas? <\/span><\/p>\n<p><span style=\"font-weight: 400\">Entonces, no dudes en inscribirte en los campos de trabajo internacionales que tendr\u00e1n lugar este verano del 2024 en toda Catalu\u00f1a. <\/span><\/p>\n<p><span style=\"font-weight: 400\">\u00a1Hay plazas libres para voluntarios catalanes y catalanas, y las inscripciones ya est\u00e1n abiertas!<\/span><\/p>\n<p><span style=\"font-weight: 400\">Puedes descubrir los diversos proyectos disponibles utilizando nuestro <\/span><a href=\"https:\/\/www.cocat.org\/cerca-i-inscripcio-a-camps-de-treball-internacionals\/\"><span style=\"font-weight: 400\">buscador de campos<\/span><\/a><span style=\"font-weight: 400\">.  <\/span><\/p>\n<p><span style=\"font-weight: 400\">Si deseas obtener m\u00e1s informaci\u00f3n sobre esta oportunidad \u00fanica, no dudes en contactar con nosotras a trav\u00e9s del correo electr\u00f3nico incoming@cocat.org<\/span><\/p>\n<p><span style=\"font-weight: 400\">\u00a1No dejes escapar esta maravillosa oportunidad de vivir una experiencia \u00fanica!<\/span><\/p>\n","protected":false},"excerpt":{"rendered":"<p>\u00bfTienes ganas de formar parte de un proyecto de voluntariado en el que podr\u00e1s interactuar con personas de todo el mundo y conocer nuevas culturas? Entonces, no dudes en inscribirte en los campos de trabajo internacionales que tendr\u00e1n lugar este verano del 2024 en toda Catalu\u00f1a. \u00a1Hay plazas libres para voluntarios catalanes y catalanas, y [&hellip;]<\/p>\n","protected":false},"author":1,"featured_media":921,"comment_status":"open","ping_status":"open","sticky":false,"template":"","format":"standard","meta":{"footnotes":""},"categories":[218],"tags":[],"class_list":["post-1234","post","type-post","status-publish","format-standard","has-post-thumbnail","hentry","category-cocat-es"],"_links":{"self":[{"href":"https:\/\/experiencies.cocat.org\/es\/wp-json\/wp\/v2\/posts\/1234","targetHints":{"allow":["GET"]}}],"collection":[{"href":"https:\/\/experiencies.cocat.org\/es\/wp-json\/wp\/v2\/posts"}],"about":[{"href":"https:\/\/experiencies.cocat.org\/es\/wp-json\/wp\/v2\/types\/post"}],"author":[{"embeddable":true,"href":"https:\/\/experiencies.cocat.org\/es\/wp-json\/wp\/v2\/users\/1"}],"replies":[{"embeddable":true,"href":"https:\/\/experiencies.cocat.org\/es\/wp-json\/wp\/v2\/comments?post=1234"}],"version-history":[{"count":0,"href":"https:\/\/experiencies.cocat.org\/es\/wp-json\/wp\/v2\/posts\/1234\/revisions"}],"wp:featuredmedia":[{"embeddable":true,"href":"https:\/\/experiencies.cocat.org\/es\/wp-json\/wp\/v2\/media\/921"}],"wp:attachment":[{"href":"https:\/\/experiencies.cocat.org\/es\/wp-json\/wp\/v2\/media?parent=1234"}],"wp:term":[{"taxonomy":"category","embeddable":true,"href":"https:\/\/experiencies.cocat.org\/es\/wp-json\/wp\/v2\/categories?post=1234"},{"taxonomy":"post_tag","embeddable":true,"href":"https:\/\/experiencies.cocat.org\/es\/wp-json\/wp\/v2\/tags?post=1234"}],"curies":[{"name":"wp","href":"https:\/\/api.w.org\/{rel}","templated":true}]}}