{"id":4292,"date":"2026-01-30T11:24:13","date_gmt":"2026-01-30T10:24:13","guid":{"rendered":"https:\/\/experiencies.cocat.org\/?p=4292"},"modified":"2026-01-30T11:25:24","modified_gmt":"2026-01-30T10:25:24","slug":"participa-en-los-campos-de-trabajo-internacionales-2026","status":"publish","type":"post","link":"https:\/\/experiencies.cocat.org\/es\/participa-en-los-campos-de-trabajo-internacionales-2026\/","title":{"rendered":"Participa en los campos de trabajo internacionales 2026!"},"content":{"rendered":"\n<p>A partir del <strong>5 de marzo de 2026<\/strong>, COCAT abrir\u00e1 las inscripciones en los campos de trabajo de verano en el extranjero y se publicar\u00e1n los proyectos disponibles en el buscador.<\/p>\n\n\n\n<p>Si quieres participar en proyectos de larga duraci\u00f3n, o en campos de invierno y primavera, las inscripciones est\u00e1n abiertas todo el a\u00f1o.<\/p>\n\n\n\n<p>Puedes consultar la informaci\u00f3n general en nuestra <a href=\"https:\/\/cocat.org\/es\/\">web<\/a>.<\/p>\n\n\n\n<p>Durante los meses de enero y febrero, organizamos <strong>charlas informativas<\/strong> en l\u00ednea y presenciales, para que puedas resolver dudas sobre los proyectos y el proceso de inscripci\u00f3n.<\/p>\n\n\n\n<p><strong>CHARLAS CAMPOS DE TRABAJO INTERNACIONALES:<\/strong><br>Si tienes entre 14 y 17 o ya eres mayor de edad:<br>&#8211; <strong>Mi\u00e9rcoles 11 de febrero <\/strong>de 2026, 17.30 h \u2013 Charla presencial (Barcelona)<br><strong>&#8211; Lunes 2 de marzo<\/strong> de 2026, 17.30 h \u2013 Charla en l\u00ednea<br><a href=\"https:\/\/docs.google.com\/forms\/d\/e\/1FAIpQLSfx9Qe5ORYouIP-VuPzZzVbvYcWBwYzguzxXkpwhNTOPoLcHA\/viewform\" data-type=\"link\" data-id=\"https:\/\/docs.google.com\/forms\/d\/e\/1FAIpQLSfx9Qe5ORYouIP-VuPzZzVbvYcWBwYzguzxXkpwhNTOPoLcHA\/viewform\">Inscr\u00edbete aqu\u00ed<\/a> para las charlas<\/p>\n\n\n\n<p><br><strong>CHARLA CAMPOS DE TRABAJO INTERNACIONALES SUBVENCIONADOS:<br><\/strong>Si tienes entre 18 y 30 a\u00f1os, te animamos a descubrir los <strong>proyectos subvencionados por el Cuerpo Europeo de Solidaridad (ESC):<\/strong><br>&#8211; <strong>Mi\u00e9rcoles 18 de febrero<\/strong> de 2026,<strong> <\/strong>17.30 h<strong> <\/strong>\u2013 Charla en l\u00ednea:&nbsp;ESC&nbsp;Volunteering&nbsp;Teams<br>Aprender\u00e1s como inscribirte en proyectos subvencionados y tambi\u00e9n en campos de trabajo internacionales no subvencionados.<br><a href=\"https:\/\/docs.google.com\/forms\/d\/e\/1FAIpQLSfxTUrjIgnKhuX4lJhbXtzIrpw_kr7thXDj-ipRx8-FzDdFEw\/viewform\" data-type=\"link\" data-id=\"https:\/\/docs.google.com\/forms\/d\/e\/1FAIpQLSfxTUrjIgnKhuX4lJhbXtzIrpw_kr7thXDj-ipRx8-FzDdFEw\/viewform\">Inscr\u00edbete aqu\u00ed<\/a><\/p>\n\n\n\n<p><strong>OTRAS CHARLAS Y EVENTOS:<\/strong><br>Tambi\u00e9n participamos en el ciclo \u201c<a href=\"https:\/\/www.barcelona.cat\/joves\/ca\/noticies\/prepara-la-motxilla-un-munt-de-voluntariats-internacionals-testan-esperant-1567614\">Prepara la motxilla! Un munt de voluntariats internacionals t\u2019estan esperant\u00bb<\/a> organizado por J\u00f3ves de Barcelona:<br>&#8211; <strong>Jueves 29 de enero <\/strong>de 2026, 18 h \u2013 Charla presencial: Voluntariado para grupos: campos de trabajo, J\u00f3venes Eixample, Barcelona<br>&#8211; <strong>Mi\u00e9rcoles 4 de febrero<\/strong> de 2026, 18 h \u2013 Charla presencial: Voluntariado para menores y sus familias, J\u00f3venes de Gracia, Barcelona<br><a href=\"https:\/\/inscripcions.barcelona.cat\/voluntariatmenors_gracia-ca\/\">Inscripci\u00f3n<\/a><br>&#8211; <strong>Mi\u00e9rcoles 25 de febrero<\/strong> 2026,\u00a017h\u00a0\u2013 <a href=\"http:\/\/Fira de voluntariat internacional el Rodam\u00f3n,\">Fira de voluntariat internacional el Rodam\u00f3n<\/a> , l&#8217;Estaci\u00f3 Espai jove, Girona<\/p>\n\n\n\n<p><\/p>\n","protected":false},"excerpt":{"rendered":"<p>A partir del 5 de marzo de 2026, COCAT abrir\u00e1 las inscripciones en los campos de trabajo de verano en el extranjero y se publicar\u00e1n los proyectos disponibles en el buscador. Si quieres participar en proyectos de larga duraci\u00f3n, o en campos de invierno y primavera, las inscripciones est\u00e1n abiertas todo el a\u00f1o. Puedes consultar [&hellip;]<\/p>\n","protected":false},"author":2,"featured_media":4286,"comment_status":"open","ping_status":"open","sticky":false,"template":"","format":"standard","meta":{"footnotes":""},"categories":[215,217,218,1,221],"tags":[],"class_list":["post-4292","post","type-post","status-publish","format-standard","has-post-thumbnail","hentry","category-blog-es","category-campos-voluntarios","category-cocat-es","category-diversitat-es","category-red-catalana"],"_links":{"self":[{"href":"https:\/\/experiencies.cocat.org\/es\/wp-json\/wp\/v2\/posts\/4292","targetHints":{"allow":["GET"]}}],"collection":[{"href":"https:\/\/experiencies.cocat.org\/es\/wp-json\/wp\/v2\/posts"}],"about":[{"href":"https:\/\/experiencies.cocat.org\/es\/wp-json\/wp\/v2\/types\/post"}],"author":[{"embeddable":true,"href":"https:\/\/experiencies.cocat.org\/es\/wp-json\/wp\/v2\/users\/2"}],"replies":[{"embeddable":true,"href":"https:\/\/experiencies.cocat.org\/es\/wp-json\/wp\/v2\/comments?post=4292"}],"version-history":[{"count":3,"href":"https:\/\/experiencies.cocat.org\/es\/wp-json\/wp\/v2\/posts\/4292\/revisions"}],"predecessor-version":[{"id":4295,"href":"https:\/\/experiencies.cocat.org\/es\/wp-json\/wp\/v2\/posts\/4292\/revisions\/4295"}],"wp:featuredmedia":[{"embeddable":true,"href":"https:\/\/experiencies.cocat.org\/es\/wp-json\/wp\/v2\/media\/4286"}],"wp:attachment":[{"href":"https:\/\/experiencies.cocat.org\/es\/wp-json\/wp\/v2\/media?parent=4292"}],"wp:term":[{"taxonomy":"category","embeddable":true,"href":"https:\/\/experiencies.cocat.org\/es\/wp-json\/wp\/v2\/categories?post=4292"},{"taxonomy":"post_tag","embeddable":true,"href":"https:\/\/experiencies.cocat.org\/es\/wp-json\/wp\/v2\/tags?post=4292"}],"curies":[{"name":"wp","href":"https:\/\/api.w.org\/{rel}","templated":true}]}}