{"id":909,"date":"2024-05-21T14:25:51","date_gmt":"2024-05-21T12:25:51","guid":{"rendered":"https:\/\/cocat-experiencies.c.wetopi.com\/ultimas-plazas-libres-en-los-campos-de-trabajo-internacionales-de-cataluna\/"},"modified":"2024-05-21T14:25:51","modified_gmt":"2024-05-21T12:25:51","slug":"ultimas-plazas-libres-en-los-campos-de-trabajo-internacionales-de-cataluna","status":"publish","type":"post","link":"https:\/\/experiencies.cocat.org\/es\/ultimas-plazas-libres-en-los-campos-de-trabajo-internacionales-de-cataluna\/","title":{"rendered":"\u00a1\u00a1\u00daLTIMAS PLAZAS LIBRES EN LOS CAMPOS DE TRABAJO INTERNACIONALES DE CATALU\u00d1A!!"},"content":{"rendered":"<p>\u00bfQuieres participar en un campo de trabajo internacional este verano? \u00bfQuieres disfrutar de un proyecto de voluntariado con otros voluntarios\/as de todo el mundo?<\/p>\n<p>Si tienes entre 18 y 29 a\u00f1os, \u00a1te invitamos a que entres en <a href=\"https:\/\/frontend.workcamp-plato.org\/searchresult.352.aspx?startDate=&amp;endDate=&amp;countries=ESP&amp;gender=&amp;age=18&amp;types=&amp;projects=&amp;plus=false&amp;code=&amp;platoorgid=8430bda5-4e45-4546-9d29-611e2f1f1f10&amp;vegetarian=&amp;nofee=&amp;disabled_vols=\">nuestro buscador<\/a> de proyectos y encuentres el campo de trabajo que m\u00e1s te guste! Tendr\u00e1s una experiencia de voluntariado a trav\u00e9s de proyectos organizados por entidades catalanas, \u00a1pero con un aire internacional!<\/p>\n<p>Participa en los <a href=\"https:\/\/www.cocat.org\/campos-de-trabajo-en-cataluna\/?lang=es\">campos de trabajo en Catalu\u00f1a<\/a> organizados por las entidades FUNDESPLAI-<em>Fundaci\u00f3 Catalana de Joventut<\/em>, <em>Grup d&#8217;Esplai Vidrerenc<\/em>, <em>Fundaci\u00f3 Emys<\/em>, <em>Balmes Blancs<\/em>,<em> La Sorellona<\/em> y CRUC-Associaci\u00f3 per a la coordinaci\u00f3 de membres i entitats de lleure rurals de Catalunya.<\/p>\n<p>\u00a1Inscripciones abiertas hasta que se acaben las plazas!<\/p>\n<p>Por m\u00e1s informaci\u00f3n, escribe a <strong>incoming@cocat.org<\/strong><\/p>\n","protected":false},"excerpt":{"rendered":"<p>\u00bfQuieres participar en un campo de trabajo internacional este verano? \u00bfQuieres disfrutar de un proyecto de voluntariado con otros voluntarios\/as de todo el mundo? Si tienes entre 18 y 29 a\u00f1os, \u00a1te invitamos a que entres en nuestro buscador de proyectos y encuentres el campo de trabajo que m\u00e1s te guste! Tendr\u00e1s una experiencia de [&hellip;]<\/p>\n","protected":false},"author":1,"featured_media":871,"comment_status":"open","ping_status":"open","sticky":false,"template":"","format":"standard","meta":{"footnotes":""},"categories":[1],"tags":[],"class_list":["post-909","post","type-post","status-publish","format-standard","has-post-thumbnail","hentry","category-diversitat-es"],"_links":{"self":[{"href":"https:\/\/experiencies.cocat.org\/es\/wp-json\/wp\/v2\/posts\/909","targetHints":{"allow":["GET"]}}],"collection":[{"href":"https:\/\/experiencies.cocat.org\/es\/wp-json\/wp\/v2\/posts"}],"about":[{"href":"https:\/\/experiencies.cocat.org\/es\/wp-json\/wp\/v2\/types\/post"}],"author":[{"embeddable":true,"href":"https:\/\/experiencies.cocat.org\/es\/wp-json\/wp\/v2\/users\/1"}],"replies":[{"embeddable":true,"href":"https:\/\/experiencies.cocat.org\/es\/wp-json\/wp\/v2\/comments?post=909"}],"version-history":[{"count":0,"href":"https:\/\/experiencies.cocat.org\/es\/wp-json\/wp\/v2\/posts\/909\/revisions"}],"wp:featuredmedia":[{"embeddable":true,"href":"https:\/\/experiencies.cocat.org\/es\/wp-json\/wp\/v2\/media\/871"}],"wp:attachment":[{"href":"https:\/\/experiencies.cocat.org\/es\/wp-json\/wp\/v2\/media?parent=909"}],"wp:term":[{"taxonomy":"category","embeddable":true,"href":"https:\/\/experiencies.cocat.org\/es\/wp-json\/wp\/v2\/categories?post=909"},{"taxonomy":"post_tag","embeddable":true,"href":"https:\/\/experiencies.cocat.org\/es\/wp-json\/wp\/v2\/tags?post=909"}],"curies":[{"name":"wp","href":"https:\/\/api.w.org\/{rel}","templated":true}]}}