{"id":916,"date":"2024-04-17T10:00:52","date_gmt":"2024-04-17T08:00:52","guid":{"rendered":"https:\/\/cocat-experiencies.c.wetopi.com\/concurso-encontre-de-mirades-2024-abierto\/"},"modified":"2024-04-17T10:00:52","modified_gmt":"2024-04-17T08:00:52","slug":"concurso-encontre-de-mirades-2024-abierto","status":"publish","type":"post","link":"https:\/\/experiencies.cocat.org\/es\/concurso-encontre-de-mirades-2024-abierto\/","title":{"rendered":"\u00a1Concurso \u00abEncontre de Mirades 2024\u00bb abierto!"},"content":{"rendered":"<p>Si este a\u00f1o participas en un proyecto de voluntariado con COCAT\u00a0 y est\u00e1s apasionados por la fotograf\u00eda, te ofrecemos una oportunidad para mostrar tu propio punto de vista! Te animamos a participar en el concurso \u00ab<strong>Encontre de Mirades 2024<\/strong>\u00ab, una ocasi\u00f3n para compartir las im\u00e1genes de tu proyecto y ganar una plaza para repetir la experiencia el a\u00f1o que viene.<\/p>\n<p><strong>Categor\u00edas del Concurso<\/strong>:<\/p>\n<p>Este a\u00f1o, el concurso presenta tres categor\u00edas que reflejan diferentes aspectos de tu voluntariado:<\/p>\n<p>Feinejant: Captura el esp\u00edritu de solidaridad y colaboraci\u00f3n que experimentes durante tu proyecto de voluntariado.<\/p>\n<p>Gaudint del lloc: Inmortaliza los momentos \u00fanicos y las escenas que reflejan el entorno donde has realizado tu tarea de voluntariado.<\/p>\n<p>Teixint lla\u00e7os: Aprecia aquellos instantes de complicidad, afecto, amistad y buen entendimiento entre los y las participantes del campo.<\/p>\n<p><strong>C\u00f3mo participar:<\/strong><\/p>\n<p>Es muy f\u00e1cil participar en el concurso \u00ab<strong>Encontre de Mirades 2024<\/strong>\u00ab, solo tienes que seguir estos sencillos pasos:<\/p>\n<p>1. S\u00edguenos en Instagram a @cocat_catalunya.<\/p>\n<p>2. Llenar estos datos a este <a href=\"https:\/\/docs.google.com\/forms\/d\/e\/1FAIpQLScPM_KRH27zFD2Vn17TZWpptWMPdzTr6PGIp5WgCAaghlXPDg\/viewform?usp=sf_link\">formulario<\/a><\/p>\n<p>3. De manera optativa (no es obligatorio para el concurso, ni tampoco da m\u00e1s puntos), puedes publicar tus im\u00e1genes como post en Instagram con el hashtag #miradesCOCAT2024 y los hashtags de la categor\u00eda a la cual participes #feinejant, #realitatdellloc y #*teixintlla\u00e7os<\/p>\n<p>No olvides que la fecha tope para enviar tus fotograf\u00edas es el 5 de septiembre.<\/p>\n<p><strong>Premio y m\u00e1s informaci\u00f3n:<\/strong><\/p>\n<p>Si tus fotograf\u00edas son seleccionadas como ganadoras, tendr\u00e1s la oportunidad de repetir una experiencia de voluntariado de forma gratuita el pr\u00f3ximo a\u00f1o. Para m\u00e1s detalles e informaci\u00f3n espec\u00edfica sobre el concurso, te invitamos a consultar las <a href=\"https:\/\/drive.google.com\/file\/d\/16Fr3dtDPJ691hvUpUaCXX-1N0dt9AbQ2\/view\">bases del concurso<\/a>. Si quieres inspirarte con im\u00e1genes de a\u00f1os anteriores (con categor\u00edas diferentes a las de a\u00f1o), puedes encontrarlas <a href=\"https:\/\/www.cocat.org\/amb-els-vostres-ulls\/?lang=es\">aqu\u00ed<\/a>.<\/p>\n<p>Aprovecha esta oportunidad para expresar tu perspectiva \u00fanica y compartir tus emociones a trav\u00e9s de la fotograf\u00eda. No olvides seguirnos a @cocat_catalunya y hacernos part\u00edcipes de tu incre\u00edble experiencia de voluntariado.<\/p>\n<p>Juntos, celebramos las miradas que transforman el mundo.<\/p>\n","protected":false},"excerpt":{"rendered":"<p>Si este a\u00f1o participas en un proyecto de voluntariado con COCAT\u00a0 y est\u00e1s apasionados por la fotograf\u00eda, te ofrecemos una oportunidad para mostrar tu propio punto de vista! Te animamos a participar en el concurso \u00abEncontre de Mirades 2024\u00ab, una ocasi\u00f3n para compartir las im\u00e1genes de tu proyecto y ganar una plaza para repetir la [&hellip;]<\/p>\n","protected":false},"author":1,"featured_media":917,"comment_status":"open","ping_status":"open","sticky":false,"template":"","format":"standard","meta":{"footnotes":""},"categories":[1],"tags":[],"class_list":["post-916","post","type-post","status-publish","format-standard","has-post-thumbnail","hentry","category-diversitat-es"],"_links":{"self":[{"href":"https:\/\/experiencies.cocat.org\/es\/wp-json\/wp\/v2\/posts\/916","targetHints":{"allow":["GET"]}}],"collection":[{"href":"https:\/\/experiencies.cocat.org\/es\/wp-json\/wp\/v2\/posts"}],"about":[{"href":"https:\/\/experiencies.cocat.org\/es\/wp-json\/wp\/v2\/types\/post"}],"author":[{"embeddable":true,"href":"https:\/\/experiencies.cocat.org\/es\/wp-json\/wp\/v2\/users\/1"}],"replies":[{"embeddable":true,"href":"https:\/\/experiencies.cocat.org\/es\/wp-json\/wp\/v2\/comments?post=916"}],"version-history":[{"count":0,"href":"https:\/\/experiencies.cocat.org\/es\/wp-json\/wp\/v2\/posts\/916\/revisions"}],"wp:featuredmedia":[{"embeddable":true,"href":"https:\/\/experiencies.cocat.org\/es\/wp-json\/wp\/v2\/media\/917"}],"wp:attachment":[{"href":"https:\/\/experiencies.cocat.org\/es\/wp-json\/wp\/v2\/media?parent=916"}],"wp:term":[{"taxonomy":"category","embeddable":true,"href":"https:\/\/experiencies.cocat.org\/es\/wp-json\/wp\/v2\/categories?post=916"},{"taxonomy":"post_tag","embeddable":true,"href":"https:\/\/experiencies.cocat.org\/es\/wp-json\/wp\/v2\/tags?post=916"}],"curies":[{"name":"wp","href":"https:\/\/api.w.org\/{rel}","templated":true}]}}