{"id":961,"date":"2024-02-28T14:07:29","date_gmt":"2024-02-28T13:07:29","guid":{"rendered":"https:\/\/cocat-experiencies.c.wetopi.com\/inicio-inscripciones-campos-internacionales-2024\/"},"modified":"2024-02-28T14:07:29","modified_gmt":"2024-02-28T13:07:29","slug":"inicio-inscripciones-campos-internacionales-2024","status":"publish","type":"post","link":"https:\/\/experiencies.cocat.org\/es\/inicio-inscripciones-campos-internacionales-2024\/","title":{"rendered":"Inicio inscripciones campos internacionales 2024"},"content":{"rendered":"<div id=\"tw-target-text-container\" class=\"tw-ta-container F0azHf tw-nfl\">\n<pre id=\"tw-target-text\" class=\"tw-data-text tw-text-large tw-ta\" dir=\"ltr\" data-placeholder=\"Traducci\u00f3n\" data-ved=\"2ahUKEwjR_5HBwMGEAxWpRPEDHfXwCzYQ3ewLegQIDhAU\"><\/pre>\n<\/div>\n<p><span style=\"font-weight: 400\">Recordamos que <\/span><b>a partir del 29 de febrero<\/b><span style=\"font-weight: 400\"> se publicar\u00e1n los proyectos de verano al\u00a0<a href=\"https:\/\/www.cocat.org\/cerca-i-inscripcio-a-camps-de-treball-internacionals\/?lang=es\"> buscador <\/a><\/span><span style=\"font-weight: 400\">en nuestra web nostra web y, a partir de lqs 10 de la ma\u00f1ana, abriremos oficialmente las inscripciones.<\/span><\/p>\n<p><span style=\"font-weight: 400\">Antes de realizar la inscripci\u00f3n aseg\u00farate haber le\u00eddo bien:<\/span><\/p>\n<ul>\n<li style=\"font-weight: 400\"><span style=\"font-weight: 400\">la <\/span><b>informaci\u00f3n<\/b><span style=\"font-weight: 400\"> general<\/span> <span style=\"font-weight: 400\"><a href=\"https:\/\/www.cocat.org\/que-es-un-camp-de-treball\/?lang=es\">Qu\u00e9 es un campo de trabajo<\/a><\/span><span style=\"font-weight: 400\">, i las<\/span><a href=\"https:\/\/www.cocat.org\/condicions-participacio-camps-treball-internacionals\/?lang=es\">\u00a0<span style=\"font-weight: 400\">condiciones de participaci\u00f3n<\/span><span style=\"font-weight: 400\">.<\/span><\/a><span style=\"font-weight: 400\"> Todo est\u00e1 resumido tambi\u00e9n al <\/span><a href=\"https:\/\/drive.google.com\/file\/d\/1GDOpTw5_zejKoQCpMUCb1fDMGUPnQPNM\/view\">\u00a0<span style=\"font-weight: 400\">dossier<\/span><\/a><span style=\"font-weight: 400\"> y al<\/span><a href=\"https:\/\/www.youtube.com\/watch?v=ye13XVtMaOc\"> <span style=\"font-weight: 400\">v\u00eddeo<\/span><\/a><span style=\"font-weight: 400\"> \u00abpaso a paso\u00bb<\/span><\/li>\n<li style=\"font-weight: 400\"><span style=\"font-weight: 400\">la <\/span><b>descripci\u00f3n<\/b><span style=\"font-weight: 400\"> detallada de cada proyecto (condiciones espec\u00edficas, si piden documentos o carta de motivaci\u00f3n, etc&#8230;)<\/span><\/li>\n<\/ul>\n<p><span style=\"font-weight: 400\">\u00a0<\/span><\/p>\n<p><span style=\"font-weight: 400\">PUBLICACI\u00d3N CAMPOS INTERNACIONALES A CATALUNYA Y NUEVOS PROYECTOS AL EXTRANJERO<\/span><\/p>\n<p><span style=\"font-weight: 400\">Aunque intentamos coordinarnos para publicar las ofertas al mismo tiempo, hay muchos proyectos pendientes a\u00fan de confirmaci\u00f3n, por lo tanto habr\u00e1 novedades al buscador durante las pr\u00f3ximas semanas!<\/span><\/p>\n<p><span style=\"font-weight: 400\">Por ejemplo:<\/span><\/p>\n<ul>\n<li style=\"font-weight: 400\"><i><span style=\"font-weight: 400\">campos internacionales a Catalu\u00f1a<\/span><\/i><span style=\"font-weight: 400\">: de momento solo podemos publicar 2 proyectos internacionales, subvencionados por el programa ESC VT, los dem\u00e0s proyectos se publicaran en abril.<\/span><\/li>\n<li style=\"font-weight: 400\"><i><span style=\"font-weight: 400\">campos a Turqu\u00eda con GSM<\/span><\/i><span style=\"font-weight: 400\">: se publicaran a partir del 15 de abril<\/span><\/li>\n<li><em>campos a Francia con SJ:<\/em> abrir\u00e1n inscripciones a partir del 7 de marzo, as\u00ed que, podr\u00e9is ver y apuntaros a sus proyectos antes tambi\u00e9n pero no podr\u00e1n contestar hasta esa fecha, as\u00ed que tendr\u00e9is que tener m\u00e1s paciencia.<\/li>\n<\/ul>\n<p>&nbsp;<\/p>\n<p><span style=\"font-weight: 400\">\u00a0PARTICIPAR CON UN AMIGO\/A<\/span><\/p>\n<p><span style=\"font-weight: 400\">Como explicamos a las <a href=\"https:\/\/www.cocat.org\/proces-dinscripcio\/\">FAQ<\/a>,\u00a0 si se especifica en la solicitud, podemos gestionar inscripciones conjuntas (2 personas al mismo proyecto)\u00a0 pero, sobretodo para menores de 18 a\u00f1os, para los cuales la oferta es reducida, puede ser m\u00e1s dif\u00edcil encontrar plaza.\u00a0<\/span><\/p>\n<p>Tened en cuenta que algunas entidades no pueden aceptar 2 personas de la misma entidad, como por ejemplo a IBO Italia.<\/p>\n<p>&nbsp;<\/p>\n<p><span style=\"font-weight: 400\">\u00bfNo has podido participar a ninguna <strong>charla informativa<\/strong>? <\/span><span style=\"font-weight: 400\">No te preocupes, puedes ver la grabaci\u00f3n de la charla online que hicimos el 7 de febrero en nuestro canal de<\/span><a href=\"https:\/\/youtu.be\/_6IcOAH30gs\"> <span style=\"font-weight: 400\">Youtube<\/span><span style=\"font-weight: 400\">.<\/span><\/a><\/p>\n<p>&nbsp;<\/p>\n<p><b><i>Y, para estar al d\u00eda con las novedades&#8230;<\/i><\/b><\/p>\n<p><span style=\"font-weight: 400\">Sigue-nos en las redes\u00a0 &#8211; a<\/span><a href=\"https:\/\/www.facebook.com\/cocatcatalunya\/?ref=br_rs\"> <span style=\"font-weight: 400\">Facebook<\/span><\/a><span style=\"font-weight: 400\">, <\/span><a href=\"https:\/\/twitter.com\/cocat_cat\"><span style=\"font-weight: 400\">Twitter<\/span><\/a><span style=\"font-weight: 400\">, <\/span><a href=\"https:\/\/www.tiktok.com\/@cocat_catalunya\"><span style=\"font-weight: 400\">TikTok<\/span><\/a><span style=\"font-weight: 400\">, <\/span><a href=\"https:\/\/www.youtube.com\/channel\/UC-7cFRRX5_D9pvJZsV86UaA\"><span style=\"font-weight: 400\">YouTube<\/span><\/a><span style=\"font-weight: 400\"> i <\/span><a href=\"https:\/\/www.instagram.com\/cocat_catalunya\/\"><span style=\"font-weight: 400\">Instagram<\/span><\/a><span style=\"font-weight: 400\"> &#8211; y ap\u00fantate al\u00a0 <\/span><a href=\"https:\/\/a8b11505.sibforms.com\/serve\/MUIEAPOwV-eqnw47n2ydo6nnLuSGLR8E2f10ehzO00JOXYjNkZ6FhghXJoNzLs8JF-L3ZZ-vFpMIxfokkkmdZyV7zL15_7cqWb_FVG3LUat1HBTtSq5cRRBQUQmvxLdOzVsZg13vRoq8f6VS_NBuewZ23QCfbeVlR81CY-aXUM8ffgP5E9j0JsCyAm0SF6gwN9YfW3FNsFiW6J8N\"><span style=\"font-weight: 400\">bolet\u00edn mensual<\/span><\/a><span style=\"font-weight: 400\"> !<\/span><\/p>\n<p><span style=\"font-weight: 400\">\u00bfSigues con dudas?\u00a0 <\/span><a href=\"https:\/\/www.cocat.org\/contacte\/\"><span style=\"font-weight: 400\">Contacta con nosotros<\/span><\/a><\/p>\n<p>&nbsp;<\/p>\n","protected":false},"excerpt":{"rendered":"<p>Recordamos que a partir del 29 de febrero se publicar\u00e1n los proyectos de verano al\u00a0 buscador en nuestra web nostra web y, a partir de lqs 10 de la ma\u00f1ana, abriremos oficialmente las inscripciones. Antes de realizar la inscripci\u00f3n aseg\u00farate haber le\u00eddo bien: la informaci\u00f3n general Qu\u00e9 es un campo de trabajo, i las\u00a0condiciones de [&hellip;]<\/p>\n","protected":false},"author":1,"featured_media":962,"comment_status":"open","ping_status":"open","sticky":false,"template":"","format":"standard","meta":{"footnotes":""},"categories":[217,218,221,222],"tags":[],"class_list":["post-961","post","type-post","status-publish","format-standard","has-post-thumbnail","hentry","category-campos-voluntarios","category-cocat-es","category-red-catalana","category-redes-es"],"_links":{"self":[{"href":"https:\/\/experiencies.cocat.org\/es\/wp-json\/wp\/v2\/posts\/961","targetHints":{"allow":["GET"]}}],"collection":[{"href":"https:\/\/experiencies.cocat.org\/es\/wp-json\/wp\/v2\/posts"}],"about":[{"href":"https:\/\/experiencies.cocat.org\/es\/wp-json\/wp\/v2\/types\/post"}],"author":[{"embeddable":true,"href":"https:\/\/experiencies.cocat.org\/es\/wp-json\/wp\/v2\/users\/1"}],"replies":[{"embeddable":true,"href":"https:\/\/experiencies.cocat.org\/es\/wp-json\/wp\/v2\/comments?post=961"}],"version-history":[{"count":0,"href":"https:\/\/experiencies.cocat.org\/es\/wp-json\/wp\/v2\/posts\/961\/revisions"}],"wp:featuredmedia":[{"embeddable":true,"href":"https:\/\/experiencies.cocat.org\/es\/wp-json\/wp\/v2\/media\/962"}],"wp:attachment":[{"href":"https:\/\/experiencies.cocat.org\/es\/wp-json\/wp\/v2\/media?parent=961"}],"wp:term":[{"taxonomy":"category","embeddable":true,"href":"https:\/\/experiencies.cocat.org\/es\/wp-json\/wp\/v2\/categories?post=961"},{"taxonomy":"post_tag","embeddable":true,"href":"https:\/\/experiencies.cocat.org\/es\/wp-json\/wp\/v2\/tags?post=961"}],"curies":[{"name":"wp","href":"https:\/\/api.w.org\/{rel}","templated":true}]}}