{"id":973,"date":"2024-01-09T12:06:42","date_gmt":"2024-01-09T11:06:42","guid":{"rendered":"https:\/\/cocat-experiencies.c.wetopi.com\/charlas-informativas-campos-de-trabajo-internacionales-2024\/"},"modified":"2024-01-09T12:06:42","modified_gmt":"2024-01-09T11:06:42","slug":"charlas-informativas-campos-de-trabajo-internacionales-2024","status":"publish","type":"post","link":"https:\/\/experiencies.cocat.org\/es\/charlas-informativas-campos-de-trabajo-internacionales-2024\/","title":{"rendered":"Charlas informativas campos de trabajo internacionales 2024"},"content":{"rendered":"<p>&nbsp;<\/p>\n<p>\u00bfEst\u00e1s pensando en hacer un campo de trabajo internacional este a\u00f1o, pero no sabes c\u00f3mo funciona y cu\u00e1ndo tienes que inscribirte?<\/p>\n<p>\u00a1Participa a una charla informativa y te lo explicaremos todo!<\/p>\n<p>Desde\u00a0 COCAT organizaremos:<\/p>\n<ul>\n<li><em>MI\u00c9RCOLES 31 DE ENERO <\/em>\u2013\u00a0<em>presencial,<\/em> a las 17:30 a la Sala de Actos de la Direcci\u00f3n General de Juventud,\u00a0 C\/Cal\u00e0bria 147, Barcelona<\/li>\n<li>MI\u00c9RCOLES 7 DE FEBRERO \u2013 <em>virtual, a las 17h\u00a0<\/em><\/li>\n<\/ul>\n<p>*Fechas cerradas! Si no has podido participar puedes ver la grabaci\u00f3n de la charla online en el nuestro canal de <a href=\"https:\/\/youtu.be\/_6IcOAH30gs\">Youtube.<\/a><\/p>\n<p>&nbsp;<\/p>\n<p>Tambi\u00e9n participaremos a otras charlas y eventos sobre la movilidad internacional:<\/p>\n<ul>\n<li>MIERCOLES 28 de FEBRERO, de 18 a 19.30h, a <strong><a href=\"https:\/\/guia.barcelona.cat\/ca\/detall\/joves-de-l-eixample-edifici-transformadors_99400689386.html\" target=\"_blank\" rel=\"noopener noreferrer\" data-saferedirecturl=\"https:\/\/www.google.com\/url?q=https:\/\/guia.barcelona.cat\/ca\/detall\/joves-de-l-eixample-edifici-transformadors_99400689386.html&amp;source=gmail&amp;ust=1707900775211000&amp;usg=AOvVaw0tkIhRotHjiI60ZWZ86URJ\">Joves de l\u2019Eixample<\/a><\/strong> (BCN)\u00bb<i>Voluntariado para menores y sus familias\u00bb<\/i><br \/>\n[<a title=\"https:\/\/inscripcions.barcelona.cat\/voluntariat_menors-ca\/ Ctrl+Feu clic o toqueu per seguir l'enlla\u00e7\" href=\"https:\/\/inscripcions.barcelona.cat\/voluntariat_menors-ca\/\" target=\"_blank\" rel=\"noopener noreferrer\" data-saferedirecturl=\"https:\/\/www.google.com\/url?q=https:\/\/inscripcions.barcelona.cat\/voluntariat_menors-ca\/&amp;source=gmail&amp;ust=1707900775211000&amp;usg=AOvVaw3vDzvGN57ahLpuTuSjbczI\">Inscripci\u00f3n aqu\u00ed<\/a>]<\/li>\n<li>JUEVES\u00a0 7 de marzo, de 17 a 19h a l&#8217;L\u2019Estaci\u00f3 Espai Jove (GIRONA) Fira d&#8217;entitats \u00ab<a href=\"https:\/\/elrodamon.cat\/\">El Rodam\u00f3n<\/a>\u00ab<\/li>\n<li>LUNES 11 de marzo, de 18 a 19.30h, a <strong>\u00a0<a href=\"https:\/\/guia.barcelona.cat\/ca\/detall\/punt-7-joves-d-horta-guinardo_99400239132.html\" target=\"_blank\" rel=\"noopener noreferrer\" data-saferedirecturl=\"https:\/\/www.google.com\/url?q=https:\/\/guia.barcelona.cat\/ca\/detall\/punt-7-joves-d-horta-guinardo_99400239132.html&amp;source=gmail&amp;ust=1707900775212000&amp;usg=AOvVaw2zUmfH_vtD_SxkWsiYcVhf\">Joves d\u2019Horta-Guinard\u00f3<\/a><\/strong> (BCN) \u00ab<em>Conoce el voluntariado internacional! Campos de trabajo e intercambios juveniles<\/em>\u00bb<br \/>\n<a href=\"https:\/\/inscripcions.barcelona.cat\/campstreball_intercanvisjuvenils-ca\/\">[inscripci\u00f3n aqu\u00ed]<\/a><\/li>\n<li>DIJOUS 21 de marzo, de 18 a 19.30h, a <strong><a title=\"https:\/\/guia.barcelona.cat\/ca\/detall\/joves-de-gracia_99022141545.html Ctrl+Feu clic o toqueu per seguir l'enlla\u00e7\" href=\"https:\/\/guia.barcelona.cat\/ca\/detall\/joves-de-gracia_99022141545.html\" target=\"_blank\" rel=\"noopener noreferrer\" data-saferedirecturl=\"https:\/\/www.google.com\/url?q=https:\/\/guia.barcelona.cat\/ca\/detall\/joves-de-gracia_99022141545.html&amp;source=gmail&amp;ust=1707900775212000&amp;usg=AOvVaw2gaN17HKZBDXX-g2otrWGe\">Joves de Gr\u00e0cia<\/a><\/strong> (BCN) \u00abOpciones de voluntariado internacional para mayores de edad\u00bb. [Inscripci\u00f3n <a href=\"https:\/\/inscripcions.barcelona.cat\/voluntariat_majorsedat-ca\/\">aqu\u00ed<\/a>]<\/li>\n<\/ul>\n<p>&nbsp;<\/p>\n<pre id=\"tw-target-text\" class=\"tw-data-text tw-text-large tw-ta\" dir=\"ltr\" data-placeholder=\"Translation\" data-ved=\"2ahUKEwiGzuLhotCDAxXUTKQEHeHrBpMQ3ewLegQICRAQ\"><\/pre>\n","protected":false},"excerpt":{"rendered":"<p>&nbsp; \u00bfEst\u00e1s pensando en hacer un campo de trabajo internacional este a\u00f1o, pero no sabes c\u00f3mo funciona y cu\u00e1ndo tienes que inscribirte? \u00a1Participa a una charla informativa y te lo explicaremos todo! Desde\u00a0 COCAT organizaremos: MI\u00c9RCOLES 31 DE ENERO \u2013\u00a0presencial, a las 17:30 a la Sala de Actos de la Direcci\u00f3n General de Juventud,\u00a0 C\/Cal\u00e0bria [&hellip;]<\/p>\n","protected":false},"author":1,"featured_media":974,"comment_status":"open","ping_status":"open","sticky":false,"template":"","format":"standard","meta":{"footnotes":""},"categories":[217,218,221,222],"tags":[],"class_list":["post-973","post","type-post","status-publish","format-standard","has-post-thumbnail","hentry","category-campos-voluntarios","category-cocat-es","category-red-catalana","category-redes-es"],"_links":{"self":[{"href":"https:\/\/experiencies.cocat.org\/es\/wp-json\/wp\/v2\/posts\/973","targetHints":{"allow":["GET"]}}],"collection":[{"href":"https:\/\/experiencies.cocat.org\/es\/wp-json\/wp\/v2\/posts"}],"about":[{"href":"https:\/\/experiencies.cocat.org\/es\/wp-json\/wp\/v2\/types\/post"}],"author":[{"embeddable":true,"href":"https:\/\/experiencies.cocat.org\/es\/wp-json\/wp\/v2\/users\/1"}],"replies":[{"embeddable":true,"href":"https:\/\/experiencies.cocat.org\/es\/wp-json\/wp\/v2\/comments?post=973"}],"version-history":[{"count":0,"href":"https:\/\/experiencies.cocat.org\/es\/wp-json\/wp\/v2\/posts\/973\/revisions"}],"wp:featuredmedia":[{"embeddable":true,"href":"https:\/\/experiencies.cocat.org\/es\/wp-json\/wp\/v2\/media\/974"}],"wp:attachment":[{"href":"https:\/\/experiencies.cocat.org\/es\/wp-json\/wp\/v2\/media?parent=973"}],"wp:term":[{"taxonomy":"category","embeddable":true,"href":"https:\/\/experiencies.cocat.org\/es\/wp-json\/wp\/v2\/categories?post=973"},{"taxonomy":"post_tag","embeddable":true,"href":"https:\/\/experiencies.cocat.org\/es\/wp-json\/wp\/v2\/tags?post=973"}],"curies":[{"name":"wp","href":"https:\/\/api.w.org\/{rel}","templated":true}]}}