{"id":979,"date":"2024-01-08T12:10:02","date_gmt":"2024-01-08T11:10:02","guid":{"rendered":"https:\/\/cocat-experiencies.c.wetopi.com\/publicacion-proyectos-e-inscripciones-2024\/"},"modified":"2024-01-08T12:10:11","modified_gmt":"2024-01-08T11:10:11","slug":"publicacion-proyectos-e-inscripciones-2024","status":"publish","type":"post","link":"https:\/\/experiencies.cocat.org\/es\/publicacion-proyectos-e-inscripciones-2024\/","title":{"rendered":"PUBLICACI\u00d3N PROYECTOS E INSCRIPCIONES 2024"},"content":{"rendered":"<p>&nbsp;<\/p>\n<p>&nbsp;<\/p>\n<p>\u00bf Ya est\u00e1s pensando en el pr\u00f3ximo verano?<\/p>\n<p>&nbsp;<\/p>\n<p><a href=\"https:\/\/www.cocat.org\/wp-content\/uploads\/2023\/11\/agenda.jpg\"><img fetchpriority=\"high\" decoding=\"async\" class=\"size-medium wp-image-20760 alignleft\" src=\"https:\/\/www.cocat.org\/wp-content\/uploads\/2023\/11\/agenda-300x300.jpg\" alt=\"\" width=\"300\" height=\"300\" \/><\/a>Atenci\u00f3n y toma nota, que ya tenemos fecha para la <strong>publicaci\u00f3n y apertura de inscripciones para los campos de trabajo de verano 2024<\/strong>:\u00a0 <strong>el JUEVES 29 DE FEBRERO!<\/strong><\/p>\n<p>Para los\/las que quieran participar en <strong>proyectos de larga duraci\u00f3n<\/strong>, workcamps en <strong>Pa\u00edses del sur global<\/strong>, o <strong>de invierno y primavera<\/strong> \u00a1las inscripciones quedan siempre abiertas!<\/p>\n<p>En Europa puedes descubrir ya Islandia, Italia o Alemania y para quien quiera explorar m\u00e1s all\u00e1, tambi\u00e9n hay opciones en Jap\u00f3n, Nepal, Tailandia, Camboya, Sri Lanka, Indonesia, Hong Kong, Togo, Kenia, Tanzania, Ecuador, M\u00e9xico y Colombia entre otros\u2026!<\/p>\n<p>As\u00ed que, si tienes tiempo y ganas de marchar ya y vivir una experiencia inolvidable, \u00a1no te lo pienses!<\/p>\n<p>Echa un vistazo al<a href=\"https:\/\/www.cocat.org\/cerca-i-inscripcio-a-camps-de-treball-internacionals\/?lang=es\"> buscador de proyectos<\/a> en nuestra web y \u00a1ap\u00fantate!<\/p>\n<p>&nbsp;<\/p>\n<p>&nbsp;<\/p>\n<p><strong><a href=\"https:\/\/www.cocat.org\/wp-content\/uploads\/2023\/11\/Group.jpg\"><img decoding=\"async\" class=\"size-medium wp-image-20758 alignleft\" src=\"https:\/\/www.cocat.org\/wp-content\/uploads\/2023\/11\/Group-300x300.jpg\" alt=\"\" width=\"300\" height=\"300\" \/><\/a>CAMPOS PARA GRUPOS<\/strong><\/p>\n<p>Esplais, escoltas, escuelas o amigos que os est\u00e8is planteando participar en un proyecto en grupo: contactad ya con nosotros a outgoing@cocat.org y os daremos m\u00e1s detalles de las posibilidades que hay con nuestros partners internacionales!<\/p>\n<p><em>*S\u00f3lo podremos atender a consultas y gestionar tr\u00e1mites organizativos\u00a0 para este tipo de proyectos antes de mitad de febrero.<\/em><\/p>\n<p>&nbsp;<\/p>\n<p>&nbsp;<\/p>\n<p>&nbsp;<\/p>\n<p>&nbsp;<\/p>\n<p><strong><a href=\"https:\/\/www.cocat.org\/wp-content\/uploads\/2023\/11\/doubts.jpg\"><img decoding=\"async\" class=\"size-medium wp-image-20754 alignleft\" src=\"https:\/\/www.cocat.org\/wp-content\/uploads\/2023\/11\/doubts-300x300.jpg\" alt=\"\" width=\"300\" height=\"300\" \/><\/a>INFORMACI\u00d3N Y CONTACTO<\/strong><\/p>\n<p>\u00bfNunca has hecho un campo de trabajo y no sabes c\u00f3mo funciona?<\/p>\n<ul>\n<li>Participa a una<strong> charla informativa<\/strong><\/li>\n<\/ul>\n<p>&#8211; MIERCOLES 31 DE ENERO &#8211; <em>presencial<\/em> a las 17:30 a la Sala d&#8217;Actes de la Direcci\u00f3 General de Joventut, al C\/Cal\u00e0bria 147, Barcelona<\/p>\n<p>&#8211; MIERCOLES 7 DE FEBRERO &#8211; <em>virtual, a las 17h (facilitaremos enlace a l@s inscrit@s) <\/em><\/p>\n<p>*<em>Rogamos \u00a0confirmar asistencia al siguente<\/em><a href=\"https:\/\/docs.google.com\/forms\/d\/e\/1FAIpQLSeZCepS7io_FwsCydahu76iUREbVV3_rbmlvLEYn_usDSDLkA\/viewform?usp=sf_link\"> enlace<\/a><\/p>\n<p>&nbsp;<\/p>\n<p>&nbsp;<\/p>\n<p><a href=\"https:\/\/www.cocat.org\/wp-content\/uploads\/2023\/11\/contacte2.jpg\"><img loading=\"lazy\" decoding=\"async\" class=\"size-medium wp-image-20756 alignleft\" src=\"https:\/\/www.cocat.org\/wp-content\/uploads\/2023\/11\/contacte2-300x300.jpg\" alt=\"\" width=\"300\" height=\"300\" \/><\/a><\/p>\n<p>&nbsp;<\/p>\n<ul>\n<li>Consulta la informaci\u00f3n general en nuestra <a href=\"https:\/\/www.cocat.org\/que-es-un-camp-de-treball\/?lang=es\">web<\/a>, la secci\u00f3n de <a href=\"https:\/\/www.cocat.org\/proces-dinscripcio\/?lang=es\">FAQs<\/a>\/preguntas frecuentes y el <a href=\"https:\/\/drive.google.com\/file\/d\/111ffzTI9Wm9dBINo0Xqd_sAlwPpPE4_v\/view\">dossier informativo de campos<\/a><\/li>\n<li>\u00a1S\u00edguenos en las redes sociales para estar al d\u00eda! Estamos en <a href=\"https:\/\/www.facebook.com\/cocatcatalunya\/?ref=br_rs\">Facebook<\/a>, <a href=\"https:\/\/twitter.com\/cocat_cat\">Twitter<\/a>, <a href=\"https:\/\/www.tiktok.com\/@cocat_catalunya\">TikTok<\/a>, <a href=\"https:\/\/www.youtube.com\/channel\/UC-7cFRRX5_D9pvJZsV86UaA\">YouTube<\/a> i <a href=\"https:\/\/www.instagram.com\/cocat_catalunya\/\">Instagram<\/a><\/li>\n<li>Subscr\u00edbete a nuestro <a href=\"https:\/\/a8b11505.sibforms.com\/serve\/MUIEAPOwV-eqnw47n2ydo6nnLuSGLR8E2f10ehzO00JOXYjNkZ6FhghXJoNzLs8JF-L3ZZ-vFpMIxfokkkmdZyV7zL15_7cqWb_FVG3LUat1HBTtSq5cRRBQUQmvxLdOzVsZg13vRoq8f6VS_NBuewZ23QCfbeVlR81CY-aXUM8ffgP5E9j0JsCyAm0SF6gwN9YfW3FNsFiW6J8N\">bolet\u00edn mensual<\/a><\/li>\n<\/ul>\n<p>Si sigues con dudas <a href=\"https:\/\/www.cocat.org\/contacte\/?lang=es\">contacta con nosotros.<\/a>\u200b<\/p>\n","protected":false},"excerpt":{"rendered":"<p>&nbsp; &nbsp; \u00bf Ya est\u00e1s pensando en el pr\u00f3ximo verano? &nbsp; Atenci\u00f3n y toma nota, que ya tenemos fecha para la publicaci\u00f3n y apertura de inscripciones para los campos de trabajo de verano 2024:\u00a0 el JUEVES 29 DE FEBRERO! Para los\/las que quieran participar en proyectos de larga duraci\u00f3n, workcamps en Pa\u00edses del sur global, [&hellip;]<\/p>\n","protected":false},"author":1,"featured_media":3764,"comment_status":"open","ping_status":"open","sticky":false,"template":"","format":"standard","meta":{"footnotes":""},"categories":[217,218,1,219,221,222],"tags":[],"class_list":["post-979","post","type-post","status-publish","format-standard","has-post-thumbnail","hentry","category-campos-voluntarios","category-cocat-es","category-diversitat-es","category-larga-duracion","category-red-catalana","category-redes-es"],"_links":{"self":[{"href":"https:\/\/experiencies.cocat.org\/es\/wp-json\/wp\/v2\/posts\/979","targetHints":{"allow":["GET"]}}],"collection":[{"href":"https:\/\/experiencies.cocat.org\/es\/wp-json\/wp\/v2\/posts"}],"about":[{"href":"https:\/\/experiencies.cocat.org\/es\/wp-json\/wp\/v2\/types\/post"}],"author":[{"embeddable":true,"href":"https:\/\/experiencies.cocat.org\/es\/wp-json\/wp\/v2\/users\/1"}],"replies":[{"embeddable":true,"href":"https:\/\/experiencies.cocat.org\/es\/wp-json\/wp\/v2\/comments?post=979"}],"version-history":[{"count":0,"href":"https:\/\/experiencies.cocat.org\/es\/wp-json\/wp\/v2\/posts\/979\/revisions"}],"wp:featuredmedia":[{"embeddable":true,"href":"https:\/\/experiencies.cocat.org\/es\/wp-json\/wp\/v2\/media\/3764"}],"wp:attachment":[{"href":"https:\/\/experiencies.cocat.org\/es\/wp-json\/wp\/v2\/media?parent=979"}],"wp:term":[{"taxonomy":"category","embeddable":true,"href":"https:\/\/experiencies.cocat.org\/es\/wp-json\/wp\/v2\/categories?post=979"},{"taxonomy":"post_tag","embeddable":true,"href":"https:\/\/experiencies.cocat.org\/es\/wp-json\/wp\/v2\/tags?post=979"}],"curies":[{"name":"wp","href":"https:\/\/api.w.org\/{rel}","templated":true}]}}